{"id":1387,"date":"2025-10-13T17:00:00","date_gmt":"2025-10-13T17:00:00","guid":{"rendered":"https:\/\/estac.eu\/una-exposicion-en-preparacion-visita-al-ccrp-colaboracion-con-el-museo-de-arte-de-girona-y-apoyo-de-la-casa-de-la-generalitat-en-perpinan\/"},"modified":"2025-10-22T15:20:36","modified_gmt":"2025-10-22T15:20:36","slug":"una-exposicion-en-preparacion-visita-al-ccrp-colaboracion-con-el-museo-de-arte-de-girona-y-apoyo-de-la-casa-de-la-generalitat-en-perpinan","status":"publish","type":"post","link":"https:\/\/estac.eu\/es\/una-exposicion-en-preparacion-visita-al-ccrp-colaboracion-con-el-museo-de-arte-de-girona-y-apoyo-de-la-casa-de-la-generalitat-en-perpinan\/","title":{"rendered":"Una exposici\u00f3n en preparaci\u00f3n: visita al CCRP, colaboraci\u00f3n con el Museo de Arte de Girona y apoyo de la Casa de la Generalitat en Perpi\u00f1\u00e1n"},"content":{"rendered":"\n<p>El 13 de octubre de 2025, el Centro de Conservaci\u00f3n y Restauraci\u00f3n del Patrimonio del Departamento de Pirineos Orientales (CCRP-CD66) acogi\u00f3 a Carme Clusellas, directora del Museo de Arte de Girona, Joan Bosch, Francesc Miralpeix y Julien Lugand, comisarios de la exposici\u00f3n \u201c<strong>Temps del Renaixement \/ Temps de la Renaissance<\/strong>\u201d, con el objetivo de intercambiar ideas sobre las principales l\u00edneas de este proyecto de valorizaci\u00f3n cient\u00edfica y patrimonial transfronterizo, que constituir\u00e1 uno de los resultados m\u00e1s importantes del proyecto ESTAC, previsto para el oto\u00f1o de 2027.<\/p>\n\n<p>La exposici\u00f3n presentar\u00e1 un repertorio de obras representativas de la pintura catalana de la \u00e9poca del Renacimiento, con un concepto original de exposici\u00f3n cruzada y complementaria entre Perpi\u00f1\u00e1n (Palacio de los Reyes de Mallorca) y Girona (Museo de Arte). Contar\u00e1, adem\u00e1s, del complemento de una tercera muestra en el Museu de Solsona Dioces\u00e0 i Comarcal, ahora dedicada al arte del ciclo renacentista en el territorio que se convertiria en diocesis solsonesa a partir de 1592. <\/p>\n\n<p>El programa de la reuni\u00f3n incluy\u00f3 la presentaci\u00f3n del corpus de obras, debates en torno a las cuestiones de los pr\u00e9stamos y los aspectos museogr\u00e1ficos, as\u00ed como la definici\u00f3n del calendario y de los contenidos del cat\u00e1logo. Esta exposici\u00f3n \u201cpanor\u00e1mica\u201d invitar\u00e1 al visitante a cruzar la frontera para disfrutar de una visi\u00f3n completa de la pintura renacentista catalana, destacando las transformaciones del lenguaje y las t\u00e9cnicas pict\u00f3ricas que se produjeron entre los siglos XVI y XVII. <\/p>\n\n<p>Las discusiones cient\u00edficas continuaron con la visita al taller de restauraci\u00f3n del CCRP y, por la tarde, con Albert Pi\u00f1eira, director de la Casa de la Generalitat, quien confirm\u00f3 su apoyo al proyecto ESTAC y, en particular, a la exposici\u00f3n actualmente en preparaci\u00f3n.<\/p>\n\n<div class=\"wp-block-uagb-image aligncenter uagb-block-e8b0df6c wp-block-uagb-image--layout-default wp-block-uagb-image--effect-static wp-block-uagb-image--align-center\"><figure class=\"wp-block-uagb-image__figure\"><img loading=\"lazy\" decoding=\"async\" srcset=\"https:\/\/estac.eu\/wp-content\/uploads\/2025\/10\/1760387734255-2-1024x564.jpg ,https:\/\/estac.eu\/wp-content\/uploads\/2025\/10\/1760387734255-2.jpg 780w, https:\/\/estac.eu\/wp-content\/uploads\/2025\/10\/1760387734255-2.jpg 360w\" sizes=\"auto, (max-width: 480px) 150px\" src=\"https:\/\/estac.eu\/wp-content\/uploads\/2025\/10\/1760387734255-2-1024x564.jpg\" alt=\"\" class=\"uag-image-1368\" width=\"807\" height=\"444\" title=\"1760387734255\" role=\"img\"><\/figure><\/div>\n\n<p><\/p>\n","protected":false},"excerpt":{"rendered":"<p>El 13 de octubre de 2025, el Centro de Conservaci\u00f3n y Restauraci\u00f3n del Patrimonio del Departamento de Pirineos Orientales (CCRP-CD66) [&hellip;]<\/p>\n","protected":false},"author":8,"featured_media":0,"comment_status":"closed","ping_status":"closed","sticky":false,"template":"","format":"standard","meta":{"inline_featured_image":false,"_uag_custom_page_level_css":"","site-sidebar-layout":"default","site-content-layout":"","ast-site-content-layout":"default","site-content-style":"default","site-sidebar-style":"default","ast-global-header-display":"","ast-banner-title-visibility":"","ast-main-header-display":"","ast-hfb-above-header-display":"","ast-hfb-below-header-display":"","ast-hfb-mobile-header-display":"","site-post-title":"","ast-breadcrumbs-content":"","ast-featured-img":"","footer-sml-layout":"","ast-disable-related-posts":"","theme-transparent-header-meta":"","adv-header-id-meta":"","stick-header-meta":"","header-above-stick-meta":"","header-main-stick-meta":"","header-below-stick-meta":"","astra-migrate-meta-layouts":"default","ast-page-background-enabled":"default","ast-page-background-meta":{"desktop":{"background-color":"var(--ast-global-color-4)","background-image":"","background-repeat":"repeat","background-position":"center center","background-size":"auto","background-attachment":"scroll","background-type":"","background-media":"","overlay-type":"","overlay-color":"","overlay-opacity":"","overlay-gradient":""},"tablet":{"background-color":"","background-image":"","background-repeat":"repeat","background-position":"center center","background-size":"auto","background-attachment":"scroll","background-type":"","background-media":"","overlay-type":"","overlay-color":"","overlay-opacity":"","overlay-gradient":""},"mobile":{"background-color":"","background-image":"","background-repeat":"repeat","background-position":"center center","background-size":"auto","background-attachment":"scroll","background-type":"","background-media":"","overlay-type":"","overlay-color":"","overlay-opacity":"","overlay-gradient":""}},"ast-content-background-meta":{"desktop":{"background-color":"var(--ast-global-color-5)","background-image":"","background-repeat":"repeat","background-position":"center center","background-size":"auto","background-attachment":"scroll","background-type":"","background-media":"","overlay-type":"","overlay-color":"","overlay-opacity":"","overlay-gradient":""},"tablet":{"background-color":"var(--ast-global-color-5)","background-image":"","background-repeat":"repeat","background-position":"center center","background-size":"auto","background-attachment":"scroll","background-type":"","background-media":"","overlay-type":"","overlay-color":"","overlay-opacity":"","overlay-gradient":""},"mobile":{"background-color":"var(--ast-global-color-5)","background-image":"","background-repeat":"repeat","background-position":"center center","background-size":"auto","background-attachment":"scroll","background-type":"","background-media":"","overlay-type":"","overlay-color":"","overlay-opacity":"","overlay-gradient":""}},"footnotes":""},"categories":[8],"tags":[],"class_list":["post-1387","post","type-post","status-publish","format-standard","hentry","category-sin-categoria"],"uagb_featured_image_src":{"full":false,"thumbnail":false,"medium":false,"medium_large":false,"large":false,"1536x1536":false,"2048x2048":false},"uagb_author_info":{"display_name":"Margault Coste-Hequet","author_link":"https:\/\/estac.eu\/es\/author\/margault-coste\/"},"uagb_comment_info":0,"uagb_excerpt":"El 13 de octubre de 2025, el Centro de Conservaci\u00f3n y Restauraci\u00f3n del Patrimonio del Departamento de Pirineos Orientales (CCRP-CD66) [&hellip;]","_links":{"self":[{"href":"https:\/\/estac.eu\/es\/wp-json\/wp\/v2\/posts\/1387","targetHints":{"allow":["GET"]}}],"collection":[{"href":"https:\/\/estac.eu\/es\/wp-json\/wp\/v2\/posts"}],"about":[{"href":"https:\/\/estac.eu\/es\/wp-json\/wp\/v2\/types\/post"}],"author":[{"embeddable":true,"href":"https:\/\/estac.eu\/es\/wp-json\/wp\/v2\/users\/8"}],"replies":[{"embeddable":true,"href":"https:\/\/estac.eu\/es\/wp-json\/wp\/v2\/comments?post=1387"}],"version-history":[{"count":1,"href":"https:\/\/estac.eu\/es\/wp-json\/wp\/v2\/posts\/1387\/revisions"}],"predecessor-version":[{"id":1397,"href":"https:\/\/estac.eu\/es\/wp-json\/wp\/v2\/posts\/1387\/revisions\/1397"}],"wp:attachment":[{"href":"https:\/\/estac.eu\/es\/wp-json\/wp\/v2\/media?parent=1387"}],"wp:term":[{"taxonomy":"category","embeddable":true,"href":"https:\/\/estac.eu\/es\/wp-json\/wp\/v2\/categories?post=1387"},{"taxonomy":"post_tag","embeddable":true,"href":"https:\/\/estac.eu\/es\/wp-json\/wp\/v2\/tags?post=1387"}],"curies":[{"name":"wp","href":"https:\/\/api.w.org\/{rel}","templated":true}]}}